[{"@context":"https:\/\/schema.org\/","@type":"Blog","@id":"https:\/\/www.aped.cz#Blog","headline":"Aped","description":"\nChcete se p\u0159\u00edjemn\u011b odreagovat od starost\u00ed v\u0161edn\u00edho dne? Nen\u00ed vylou\u010deno, \u017ee pr\u00e1v\u011b na na\u0161\u00ed internetov\u00e9 str\u00e1nce naleznete to, po \u010dem tolik prahnete.","url":"https:\/\/www.aped.cz","hasPart":[{"@type":"Article","@id":"https:\/\/www.aped.cz\/vyrobky-na-velikonoce-na-posledni-chvili\/","headline":"V\u00fdrobky na Velikonoce \u201ena posledn\u00ed chv\u00edli\u201c","url":"https:\/\/www.aped.cz\/vyrobky-na-velikonoce-na-posledni-chvili\/","datePublished":"2026-08-10","dateModified":"2023-06-02","mainEntityOfPage":"https:\/\/www.aped.cz\/vyrobky-na-velikonoce-na-posledni-chvili\/","author":{"@type":"Person","@id":"https:\/\/www.aped.cz\/author\/#Person","name":"","url":"https:\/\/www.aped.cz\/author\/","identifier":1,"image":{"@type":"ImageObject","@id":"https:\/\/secure.gravatar.com\/avatar\/f7320ca526354d2794ceb75173050bfa147af8617816df401a16569341b5fbaf?s=96&d=mm&r=g","url":"https:\/\/secure.gravatar.com\/avatar\/f7320ca526354d2794ceb75173050bfa147af8617816df401a16569341b5fbaf?s=96&d=mm&r=g","height":96,"width":96}},"publisher":{"@type":"Organization","name":"aped.cz","logo":{"@type":"ImageObject","@id":"\/logo.png","url":"\/logo.png","width":600,"height":60}},"image":{"@type":"ImageObject","@id":"https:\/\/www.aped.cz\/wp-content\/uploads\/art284252_4x3_20260813_095458_n0CGFD.jpg","url":"https:\/\/www.aped.cz\/wp-content\/uploads\/art284252_4x3_20260813_095458_n0CGFD.jpg","height":0,"width":0},"wordCount":516,"keywords":null},{"@type":"Article","@id":"https:\/\/www.aped.cz\/krasa-izolovanosti\/","headline":"Kr\u00e1sa izolovanosti","url":"https:\/\/www.aped.cz\/krasa-izolovanosti\/","datePublished":"2026-06-23","dateModified":"2023-06-02","mainEntityOfPage":"https:\/\/www.aped.cz\/krasa-izolovanosti\/","author":{"@type":"Person","@id":"https:\/\/www.aped.cz\/author\/#Person","name":"","url":"https:\/\/www.aped.cz\/author\/","identifier":1,"image":{"@type":"ImageObject","@id":"https:\/\/secure.gravatar.com\/avatar\/f7320ca526354d2794ceb75173050bfa147af8617816df401a16569341b5fbaf?s=96&d=mm&r=g","url":"https:\/\/secure.gravatar.com\/avatar\/f7320ca526354d2794ceb75173050bfa147af8617816df401a16569341b5fbaf?s=96&d=mm&r=g","height":96,"width":96}},"publisher":{"@type":"Organization","name":"aped.cz","logo":{"@type":"ImageObject","@id":"\/logo.png","url":"\/logo.png","width":600,"height":60}},"image":{"@type":"ImageObject","@id":"https:\/\/www.aped.cz\/wp-content\/uploads\/art281914_16x9_20260621_142735_cs1Am3.jpg","url":"https:\/\/www.aped.cz\/wp-content\/uploads\/art281914_16x9_20260621_142735_cs1Am3.jpg","height":0,"width":0},"wordCount":513,"keywords":null},{"@type":"Article","@id":"https:\/\/www.aped.cz\/socialni-site\/","headline":"Soci\u00e1ln\u00ed s\u00edt\u011b","url":"https:\/\/www.aped.cz\/socialni-site\/","datePublished":"2026-06-14","dateModified":"2023-06-02","mainEntityOfPage":"https:\/\/www.aped.cz\/socialni-site\/","author":{"@type":"Person","@id":"https:\/\/www.aped.cz\/author\/#Person","name":"","url":"https:\/\/www.aped.cz\/author\/","identifier":1,"image":{"@type":"ImageObject","@id":"https:\/\/secure.gravatar.com\/avatar\/f7320ca526354d2794ceb75173050bfa147af8617816df401a16569341b5fbaf?s=96&d=mm&r=g","url":"https:\/\/secure.gravatar.com\/avatar\/f7320ca526354d2794ceb75173050bfa147af8617816df401a16569341b5fbaf?s=96&d=mm&r=g","height":96,"width":96}},"publisher":{"@type":"Organization","name":"aped.cz","logo":{"@type":"ImageObject","@id":"\/logo.png","url":"\/logo.png","width":600,"height":60}},"image":{"@type":"ImageObject","@id":"https:\/\/www.aped.cz\/wp-content\/uploads\/art277163_16x9_20260609_234202_8UsBq2.jpg","url":"https:\/\/www.aped.cz\/wp-content\/uploads\/art277163_16x9_20260609_234202_8UsBq2.jpg","height":0,"width":0},"wordCount":553,"keywords":null},{"@type":"Article","@id":"https:\/\/www.aped.cz\/paradontitida-jak-se-projevuje-a-jak-se-resi\/","headline":"Paradontitida: Jak se projevuje a jak se \u0159e\u0161\u00ed","url":"https:\/\/www.aped.cz\/paradontitida-jak-se-projevuje-a-jak-se-resi\/","datePublished":"2025-11-03","dateModified":"2025-11-03","mainEntityOfPage":"https:\/\/www.aped.cz\/paradontitida-jak-se-projevuje-a-jak-se-resi\/","author":{"@type":"Person","@id":"https:\/\/www.aped.cz\/author\/#Person","name":"","url":"https:\/\/www.aped.cz\/author\/","identifier":1,"image":{"@type":"ImageObject","@id":"https:\/\/secure.gravatar.com\/avatar\/f7320ca526354d2794ceb75173050bfa147af8617816df401a16569341b5fbaf?s=96&d=mm&r=g","url":"https:\/\/secure.gravatar.com\/avatar\/f7320ca526354d2794ceb75173050bfa147af8617816df401a16569341b5fbaf?s=96&d=mm&r=g","height":96,"width":96}},"publisher":{"@type":"Organization","name":"aped.cz","logo":{"@type":"ImageObject","@id":"\/logo.png","url":"\/logo.png","width":600,"height":60}},"image":{"@type":"ImageObject","@id":"https:\/\/www.aped.cz\/wp-content\/uploads\/dental-care-5557438_640_3.jpg","url":"https:\/\/www.aped.cz\/wp-content\/uploads\/dental-care-5557438_640_3.jpg","height":0,"width":0},"wordCount":557,"keywords":null},{"@type":"Article","@id":"https:\/\/www.aped.cz\/bavlnene-saty-prirozena-volba-pro-kazdou-prilezitost\/","headline":"Bavln\u011bn\u00e9 \u0161aty \u2013 p\u0159irozen\u00e1 volba pro ka\u017edou p\u0159\u00edle\u017eitost","url":"https:\/\/www.aped.cz\/bavlnene-saty-prirozena-volba-pro-kazdou-prilezitost\/","datePublished":"2025-09-14","dateModified":"2025-09-14","mainEntityOfPage":"https:\/\/www.aped.cz\/bavlnene-saty-prirozena-volba-pro-kazdou-prilezitost\/","author":{"@type":"Person","@id":"https:\/\/www.aped.cz\/author\/#Person","name":"","url":"https:\/\/www.aped.cz\/author\/","identifier":1,"image":{"@type":"ImageObject","@id":"https:\/\/secure.gravatar.com\/avatar\/f7320ca526354d2794ceb75173050bfa147af8617816df401a16569341b5fbaf?s=96&d=mm&r=g","url":"https:\/\/secure.gravatar.com\/avatar\/f7320ca526354d2794ceb75173050bfa147af8617816df401a16569341b5fbaf?s=96&d=mm&r=g","height":96,"width":96}},"publisher":{"@type":"Organization","name":"aped.cz","logo":{"@type":"ImageObject","@id":"\/logo.png","url":"\/logo.png","width":600,"height":60}},"image":{"@type":"ImageObject","@id":"https:\/\/www.aped.cz\/wp-content\/uploads\/bavlnene_satky_Ia45WH.png","url":"https:\/\/www.aped.cz\/wp-content\/uploads\/bavlnene_satky_Ia45WH.png","height":0,"width":0},"wordCount":940,"keywords":null},{"@type":"Article","@id":"https:\/\/www.aped.cz\/clovek-se-musi-otacet-za-stestim-nekdy-je-proklate-blizko\/","headline":"\u010clov\u011bk se mus\u00ed ot\u00e1\u010det za \u0161t\u011bst\u00edm, n\u011bkdy je proklat\u011b bl\u00edzko!","url":"https:\/\/www.aped.cz\/clovek-se-musi-otacet-za-stestim-nekdy-je-proklate-blizko\/","datePublished":"2025-08-26","dateModified":"2025-08-26","mainEntityOfPage":"https:\/\/www.aped.cz\/clovek-se-musi-otacet-za-stestim-nekdy-je-proklate-blizko\/","author":{"@type":"Person","@id":"https:\/\/www.aped.cz\/author\/#Person","name":"","url":"https:\/\/www.aped.cz\/author\/","identifier":1,"image":{"@type":"ImageObject","@id":"https:\/\/secure.gravatar.com\/avatar\/f7320ca526354d2794ceb75173050bfa147af8617816df401a16569341b5fbaf?s=96&d=mm&r=g","url":"https:\/\/secure.gravatar.com\/avatar\/f7320ca526354d2794ceb75173050bfa147af8617816df401a16569341b5fbaf?s=96&d=mm&r=g","height":96,"width":96}},"publisher":{"@type":"Organization","name":"aped.cz","logo":{"@type":"ImageObject","@id":"\/logo.png","url":"\/logo.png","width":600,"height":60}},"image":null,"wordCount":188,"keywords":null},{"@type":"Article","@id":"https:\/\/www.aped.cz\/vase-nova-pritelkyne-si-zaslouzi-luxusni-vuz\/","headline":"Va\u0161e nov\u00e1 p\u0159\u00edtelkyn\u011b si zaslou\u017e\u00ed luxusn\u00ed v\u016fz","url":"https:\/\/www.aped.cz\/vase-nova-pritelkyne-si-zaslouzi-luxusni-vuz\/","datePublished":"2025-08-20","dateModified":"2025-08-20","mainEntityOfPage":"https:\/\/www.aped.cz\/vase-nova-pritelkyne-si-zaslouzi-luxusni-vuz\/","author":{"@type":"Person","@id":"https:\/\/www.aped.cz\/author\/#Person","name":"","url":"https:\/\/www.aped.cz\/author\/","identifier":1,"image":{"@type":"ImageObject","@id":"https:\/\/secure.gravatar.com\/avatar\/f7320ca526354d2794ceb75173050bfa147af8617816df401a16569341b5fbaf?s=96&d=mm&r=g","url":"https:\/\/secure.gravatar.com\/avatar\/f7320ca526354d2794ceb75173050bfa147af8617816df401a16569341b5fbaf?s=96&d=mm&r=g","height":96,"width":96}},"publisher":{"@type":"Organization","name":"aped.cz","logo":{"@type":"ImageObject","@id":"\/logo.png","url":"\/logo.png","width":600,"height":60}},"image":null,"wordCount":221,"keywords":null},{"@type":"Article","@id":"https:\/\/www.aped.cz\/centrala-v-praze\/","headline":"Centr\u00e1la v Praze","url":"https:\/\/www.aped.cz\/centrala-v-praze\/","datePublished":"2025-08-13","dateModified":"2025-08-13","mainEntityOfPage":"https:\/\/www.aped.cz\/centrala-v-praze\/","author":{"@type":"Person","@id":"https:\/\/www.aped.cz\/author\/#Person","name":"","url":"https:\/\/www.aped.cz\/author\/","identifier":1,"image":{"@type":"ImageObject","@id":"https:\/\/secure.gravatar.com\/avatar\/f7320ca526354d2794ceb75173050bfa147af8617816df401a16569341b5fbaf?s=96&d=mm&r=g","url":"https:\/\/secure.gravatar.com\/avatar\/f7320ca526354d2794ceb75173050bfa147af8617816df401a16569341b5fbaf?s=96&d=mm&r=g","height":96,"width":96}},"publisher":{"@type":"Organization","name":"aped.cz","logo":{"@type":"ImageObject","@id":"\/logo.png","url":"\/logo.png","width":600,"height":60}},"image":null,"wordCount":262,"keywords":null},{"@type":"Article","@id":"https:\/\/www.aped.cz\/bez-penez-to-nejde\/","headline":"Bez pen\u011bz to nejde","url":"https:\/\/www.aped.cz\/bez-penez-to-nejde\/","datePublished":"2025-08-07","dateModified":"2025-08-07","mainEntityOfPage":"https:\/\/www.aped.cz\/bez-penez-to-nejde\/","author":{"@type":"Person","@id":"https:\/\/www.aped.cz\/author\/#Person","name":"","url":"https:\/\/www.aped.cz\/author\/","identifier":1,"image":{"@type":"ImageObject","@id":"https:\/\/secure.gravatar.com\/avatar\/f7320ca526354d2794ceb75173050bfa147af8617816df401a16569341b5fbaf?s=96&d=mm&r=g","url":"https:\/\/secure.gravatar.com\/avatar\/f7320ca526354d2794ceb75173050bfa147af8617816df401a16569341b5fbaf?s=96&d=mm&r=g","height":96,"width":96}},"publisher":{"@type":"Organization","name":"aped.cz","logo":{"@type":"ImageObject","@id":"\/logo.png","url":"\/logo.png","width":600,"height":60}},"image":{"@type":"ImageObject","@id":"https:\/\/www.aped.cz\/wp-content\/uploads\/ppppppppppppppppppppppppppppppppppppppppppp_10_10.jpg","url":"https:\/\/www.aped.cz\/wp-content\/uploads\/ppppppppppppppppppppppppppppppppppppppppppp_10_10.jpg","height":0,"width":0},"wordCount":572,"keywords":null},{"@type":"Article","@id":"https:\/\/www.aped.cz\/krasa-ktera-neni-vubec-draha\/","headline":"Kr\u00e1sa, kter\u00e1 nen\u00ed v\u016fbec drah\u00e1","url":"https:\/\/www.aped.cz\/krasa-ktera-neni-vubec-draha\/","datePublished":"2025-08-06","dateModified":"2025-08-06","mainEntityOfPage":"https:\/\/www.aped.cz\/krasa-ktera-neni-vubec-draha\/","author":{"@type":"Person","@id":"https:\/\/www.aped.cz\/author\/#Person","name":"","url":"https:\/\/www.aped.cz\/author\/","identifier":1,"image":{"@type":"ImageObject","@id":"https:\/\/secure.gravatar.com\/avatar\/f7320ca526354d2794ceb75173050bfa147af8617816df401a16569341b5fbaf?s=96&d=mm&r=g","url":"https:\/\/secure.gravatar.com\/avatar\/f7320ca526354d2794ceb75173050bfa147af8617816df401a16569341b5fbaf?s=96&d=mm&r=g","height":96,"width":96}},"publisher":{"@type":"Organization","name":"aped.cz","logo":{"@type":"ImageObject","@id":"\/logo.png","url":"\/logo.png","width":600,"height":60}},"image":null,"wordCount":224,"keywords":null}]},{"@context":"https:\/\/schema.org","@type":"WebSite","@id":"https:\/\/www.aped.cz\/#website","name":"Aped","url":"https:\/\/www.aped.cz","potentialAction":{"@type":"SearchAction","target":"https:\/\/www.aped.cz\/?s={search_term_string}","query-input":"required name=search_term_string"}}]