[{"@context":"https:\/\/schema.org\/","@type":"Article","@id":"https:\/\/www.aped.cz\/co-je-to-za-modu\/#Article","mainEntityOfPage":"https:\/\/www.aped.cz\/co-je-to-za-modu\/","headline":"Co je to za m\u00f3du?","name":"Co je to za m\u00f3du?","description":"Abych se p\u0159iznala, tak n\u011bkdy dne\u0161n\u00ed m\u00f3d\u011b opravdu nerozum\u00edm. V\u016fbec nev\u00edm, co se zrovna nos\u00ed. Pamatuji si, \u017ee d\u0159\u00edve to [&hellip;]","datePublished":"2024-09-30","dateModified":"2024-09-30","author":{"@type":"Person","@id":"https:\/\/www.aped.cz\/author\/#Person","name":"","url":"https:\/\/www.aped.cz\/author\/","identifier":1,"image":{"@type":"ImageObject","@id":"https:\/\/secure.gravatar.com\/avatar\/f7320ca526354d2794ceb75173050bfa147af8617816df401a16569341b5fbaf?s=96&d=mm&r=g","url":"https:\/\/secure.gravatar.com\/avatar\/f7320ca526354d2794ceb75173050bfa147af8617816df401a16569341b5fbaf?s=96&d=mm&r=g","height":96,"width":96}},"publisher":{"@type":"Organization","name":"aped.cz","logo":{"@type":"ImageObject","@id":"\/logo.png","url":"\/logo.png","width":600,"height":60}},"image":{"@type":"ImageObject","@id":"https:\/\/www.aped.cz\/wp-content\/uploads\/new-years-eve-1382411_960_720.jpg","url":"https:\/\/www.aped.cz\/wp-content\/uploads\/new-years-eve-1382411_960_720.jpg","height":0,"width":0},"url":"https:\/\/www.aped.cz\/co-je-to-za-modu\/","about":["M\u00f3da"],"wordCount":467,"articleBody":"Abych se p\u0159iznala, tak n\u011bkdy dne\u0161n\u00ed m\u00f3d\u011b opravdu nerozum\u00edm. V\u016fbec nev\u00edm, co se zrovna nos\u00ed. Pamatuji si, \u017ee d\u0159\u00edve to bylo takov\u00e9, \u017ee n\u011bjak\u00e1 m\u00f3da t\u0159eba trvala p\u011bt\u00a0anebo i deset\u00a0let. Dnes se mi zd\u00e1, \u017ee m\u00f3da se vrac\u00ed, \u017ee\u00a0ka\u017ed\u00fd rok \u00fapln\u011b jin\u00e1. J\u00e1 v\u00edm, \u017ee tohle je takov\u00e9 docela divok\u00e9, ale co si m\u00e1m jako jinak o tom myslet? Je toho opravdu hodn\u011b. N\u011bkdy ani nev\u00edm, co si m\u00e1m vz\u00edt na sebe,\u00a0ani\u017e by se mi ostatn\u00ed sm\u00e1li. Tedy ne, \u017ee by se mi to n\u011bkdy stalo, \u017ee by se mi ostatn\u00ed sm\u00e1li, co na sob\u011b nos\u00edm, ale tak\u00e9 chci chodit modern\u011b obl\u00e9kan\u00e1. Kupuji si modern\u00ed \u010dasopisy, d\u00edv\u00e1m se tak\u00e9 na modern\u00ed po\u0159ady a l\u00edb\u00ed se mi to a bav\u00ed m\u011b to.A tak\u00e9 se zaj\u00edm\u00e1m o m\u00f3du a o\u00a0posledn\u00ed m\u00f3du a tak\u00e9 o to, co se samoz\u0159ejm\u011b nos\u00ed. A v\u00edte, co nejrad\u011bji? M\u00e1m r\u00e1da, kdy\u017e jsou n\u011bjak\u00e9 plesy a m\u016f\u017eu nosit n\u011bjak\u00e9 kr\u00e1sn\u00e9, nad\u00fdchan\u00e9 plesov\u00e9 \u0161aty, n\u011bjakou kr\u00e1snou ve\u010dern\u00ed r\u00f3bu a nejrad\u011bji ji m\u00e1m v takov\u00e9 tmav\u011b modr\u00e9 poset\u00e9 t\u0159pytkami. Vypad\u00e1 to potom jako p\u016flno\u010dn\u00ed obloha. Takov\u00e1to m\u00f3da se mi opravdu hodn\u011b l\u00edb\u00ed a jsem r\u00e1da, \u017ee v tomhle nejsem sama. Tak\u00e9 m\u011b velice t\u011b\u0161\u00ed, \u017ee pr\u00e1v\u011b takovouto nad\u00fdchanou ve\u010dern\u00ed r\u00f3bu m\u00e1 r\u00e1d i m\u016fj partner. S partnerem chod\u00edme ka\u017edoro\u010dn\u011b \u00fapln\u011b snad na v\u0161echny plesy, kter\u00e9 tady u n\u00e1s ve m\u011bst\u011b jsou\u00a0a kdy\u017e je je\u0161t\u011b \u010das a finance a m\u00e1m tak\u00e9 dal\u0161\u00ed r\u00f3by, tak chod\u00edme i jinam do jin\u00fdch m\u011bst na r\u016fzn\u00e9 plesy a b\u00e1ly. Naposledy jsme dokonce byli i na dvou plesech v Brn\u011b a pov\u00edm v\u00e1m, \u017ee tam to bylo opravdu perfektn\u00ed. Nikde jinde jsem si to takhle moc neu\u017eila. Partnerovi jsem \u0159ekla, \u017ee jsem opravdu nad\u0161en\u00e1, \u017ee on je vlastn\u011b nalad\u011bn\u00fd\u00a0na stejn\u00e9 vln\u011b, jako jsem j\u00e1, \u017ee oba dva\u00a0m\u00e1me r\u00e1di plesy a tak\u00e9 vlastn\u011b podobnou m\u00f3du. Kdyby takhle m\u00f3da se nosila \u00fapln\u011b i norm\u00e1ln\u011b, jako t\u0159eba ve st\u0159edov\u011bku, tak by m\u011b to v\u016fbec nevadilo. J\u00e1 m\u00e1m toti\u017e r\u00e1da nad\u00fdchanou m\u00f3du. Mo\u017en\u00e1 jsem takov\u00e1 starom\u00f3dn\u00ed. Ale dne\u0161n\u00ed m\u00f3da se mi ani tak moc nel\u00edb\u00ed, ale chci chodit tak\u00e9 modern\u011b oble\u010den\u00e1, a tak se sna\u017e\u00edm chodit modern\u011b oble\u010den\u00e1\u00a0a tak\u00e9 sleduji m\u00f3dn\u00ed \u010dasopisy.\u00a0                                                                                                                                                                                                                                                                                                                                                                                        4.4\/5 - (12 votes)        "},{"@context":"https:\/\/schema.org\/","@type":"BreadcrumbList","itemListElement":[{"@type":"ListItem","position":1,"name":"Co je to za m\u00f3du?","item":"https:\/\/www.aped.cz\/co-je-to-za-modu\/#breadcrumbitem"}]}]