[{"@context":"https:\/\/schema.org\/","@type":"Article","@id":"https:\/\/www.aped.cz\/kuchyne-ve-ktere-se-bude-dobre-zit\/#Article","mainEntityOfPage":"https:\/\/www.aped.cz\/kuchyne-ve-ktere-se-bude-dobre-zit\/","headline":"Kuchyn\u011b, ve kter\u00e9 se bude dob\u0159e \u017e\u00edt","name":"Kuchyn\u011b, ve kter\u00e9 se bude dob\u0159e \u017e\u00edt","description":"Investice do celkov\u00e9ho vzhledu kuchyn\u011b pat\u0159\u00ed p\u0159i za\u0159izov\u00e1n\u00ed interi\u00e9ru mezi ty nejn\u00e1kladn\u011bj\u0161\u00ed. Nen\u00ed se v\u0161ak \u010demu divit, jedn\u00e1 se o [&hellip;]","datePublished":"2020-11-04","dateModified":"2023-06-02","author":{"@type":"Person","@id":"https:\/\/www.aped.cz\/author\/#Person","name":"","url":"https:\/\/www.aped.cz\/author\/","identifier":1,"image":{"@type":"ImageObject","@id":"https:\/\/secure.gravatar.com\/avatar\/f7320ca526354d2794ceb75173050bfa147af8617816df401a16569341b5fbaf?s=96&d=mm&r=g","url":"https:\/\/secure.gravatar.com\/avatar\/f7320ca526354d2794ceb75173050bfa147af8617816df401a16569341b5fbaf?s=96&d=mm&r=g","height":96,"width":96}},"publisher":{"@type":"Organization","name":"aped.cz","logo":{"@type":"ImageObject","@id":"\/logo.png","url":"\/logo.png","width":600,"height":60}},"image":{"@type":"ImageObject","@id":"https:\/\/www.aped.cz\/wp-content\/uploads\/va%C5%99en%C3%AD%20v%20kucnyni.jpg","url":"https:\/\/www.aped.cz\/wp-content\/uploads\/va%C5%99en%C3%AD%20v%20kucnyni.jpg","height":0,"width":0},"url":"https:\/\/www.aped.cz\/kuchyne-ve-ktere-se-bude-dobre-zit\/","about":["Neza\u0159azen\u00e9"],"wordCount":408,"articleBody":"      Investice do celkov\u00e9ho vzhledu kuchyn\u011b pat\u0159\u00ed p\u0159i za\u0159izov\u00e1n\u00ed interi\u00e9ru mezi ty nejn\u00e1kladn\u011bj\u0161\u00ed. Nen\u00ed se v\u0161ak \u010demu divit, jedn\u00e1 se o velmi vyt\u00ed\u017eenou \u010d\u00e1st domu a se v\u0161emi sv\u00fdmi spot\u0159ebi\u010di a p\u0159\u00edstroji, kter\u00e9 tak\u00e9 rozhodn\u011b nejsou zadarmo. Na kuchyni se zkr\u00e1tka p\u0159\u00edli\u0161 \u0161et\u0159it ned\u00e1, d\u0159\u00edve nebo pozd\u011bji by se toti\u017e u\u0161et\u0159en\u00e9 pen\u00edze mohli projevit na \u00fanav\u011b materi\u00e1lu, nekvalitn\u00edm proveden\u00ed nebo celkov\u00e9m vzhledu kuchyn\u011b. Pro mnoh\u00e9 je kuchy\u0148sk\u00e1 linka investic\u00ed na cel\u00fd \u017eivot a i tak bychom k takov\u00e9 investici m\u011bli p\u0159istupovat. Sedac\u00ed soupravu m\u016f\u017eeme za rok \u010di dva vym\u011bnit, ov\u0161em s kuchy\u0148skou linkou to tak jednodu\u0161e nep\u016fjde. Ve\u0161ker\u00e9 vybaven\u00ed a za\u0159\u00edzen\u00ed bychom tak m\u011bli promyslet do nejmen\u0161\u00edch detail\u016f, dokud na to m\u00e1me prostor. Opomenut\u00ed a n\u00e1sledn\u00e1 oprava po dokon\u010den\u00ed kuchy\u0148sk\u00e9 linky se mohou velmi prodra\u017eit a znep\u0159\u00edjemnit \u017eivot. A to rozhodn\u011b nikdo z n\u00e1s nechce. Trendy se ka\u017ed\u00fdm rokem m\u011bn\u00ed, pokud tedy chcete j\u00edt na vln\u011b t\u011bchto trend\u016f, je dobr\u00e9 se poohl\u00e9dnout po bytov\u00e9m architektovi praha. Architekt se p\u0159eci jenom v aktu\u00e1ln\u00edm trendech orientuje l\u00e9pe ne\u017e vy a dok\u00e1\u017ee navrhnout kuchyni na m\u00edru dle va\u0161ich po\u017eadavk\u016f a p\u0159\u00e1n\u00ed. Barvy utv\u00e1\u0159ej\u00ed pocit z cel\u00e9 kuchyn\u011bBarvy jsou zkr\u00e1tka to prvn\u00ed, co dok\u00e1\u017ee upoutat na\u0161i pozornost. A v\u016fbec nez\u00e1le\u017e\u00ed, zda se jedn\u00e1 o m\u00f3du, um\u011bn\u00ed nebo t\u0159eba interi\u00e9r. I kdy\u017e bychom v kuchyni m\u011bli d\u00e1t p\u0159ednost i dal\u0161\u00edm v\u011bcem, nakonec jsou to pr\u00e1v\u011b barvy, kter\u00e9 rozhodnou, zda se v dan\u00e9m interi\u00e9ru budeme c\u00edtit dob\u0159e. Nejnov\u011bj\u0161\u00edm trendem je neutr\u00e1ln\u00ed interi\u00e9r dopln\u011bn\u00fd o v\u00fdrazn\u011bj\u0161\u00ed barvy v podob\u011b nejr\u016fzn\u011bj\u0161\u00edch dopl\u0148k\u016f. V\u017edy v\u0161ak z\u00e1le\u017e\u00ed na podob\u011b cel\u00e9ho interi\u00e9ru, je vcelku logick\u00e9, \u017ee do interi\u00e9ru prvorepublikov\u00e9 vily jen st\u011b\u017e\u00ed m\u016f\u017eeme um\u00edstit modern\u00ed kuchyni tak, aby zde nep\u016fsobila jako p\u011bst na oko. Spole\u010dn\u011b s celkov\u00fdm dekorem kuchyn\u011b by m\u011bla ladit i pracovn\u00ed deska. Jedn\u00e1 se o nej\u010dast\u011bji pou\u017e\u00edvan\u00fd materi\u00e1l, proto na n\u00ed rozhodn\u011b ne\u0161et\u0159ete!                                                                                                                                                                                                                                                                                                                                                                                           4.1\/5 - (10 votes)        "},{"@context":"https:\/\/schema.org\/","@type":"BreadcrumbList","itemListElement":[{"@type":"ListItem","position":1,"name":"Kuchyn\u011b, ve kter\u00e9 se bude dob\u0159e \u017e\u00edt","item":"https:\/\/www.aped.cz\/kuchyne-ve-ktere-se-bude-dobre-zit\/#breadcrumbitem"}]}]