[{"@context":"https:\/\/schema.org\/","@type":"Article","@id":"https:\/\/www.aped.cz\/na-co-se-soustredit-pri-vyberu-kocarku\/#Article","mainEntityOfPage":"https:\/\/www.aped.cz\/na-co-se-soustredit-pri-vyberu-kocarku\/","headline":"Na co se soust\u0159edit p\u0159i v\u00fdb\u011bru ko\u010d\u00e1rku?","name":"Na co se soust\u0159edit p\u0159i v\u00fdb\u011bru ko\u010d\u00e1rku?","description":"Velk\u00fd n\u00e1kup p\u0159ich\u00e1z\u00ed! Poskytnout d\u00edt\u011bti v\u0161e, co pot\u0159ebuje, chce a po \u010dem tou\u017e\u00ed je \u00fakolem ka\u017ed\u00e9 matky. V\u00fdb\u011br a n\u00e1kup [&hellip;]","datePublished":"2019-09-02","dateModified":"2023-06-02","author":{"@type":"Person","@id":"https:\/\/www.aped.cz\/author\/#Person","name":"","url":"https:\/\/www.aped.cz\/author\/","identifier":1,"image":{"@type":"ImageObject","@id":"https:\/\/secure.gravatar.com\/avatar\/f7320ca526354d2794ceb75173050bfa147af8617816df401a16569341b5fbaf?s=96&d=mm&r=g","url":"https:\/\/secure.gravatar.com\/avatar\/f7320ca526354d2794ceb75173050bfa147af8617816df401a16569341b5fbaf?s=96&d=mm&r=g","height":96,"width":96}},"publisher":{"@type":"Organization","name":"aped.cz","logo":{"@type":"ImageObject","@id":"\/logo.png","url":"\/logo.png","width":600,"height":60}},"image":{"@type":"ImageObject","@id":"https:\/\/www.aped.cz\/wp-content\/uploads\/img_a354530_w3369_t1569163113.jpg","url":"https:\/\/www.aped.cz\/wp-content\/uploads\/img_a354530_w3369_t1569163113.jpg","height":0,"width":0},"url":"https:\/\/www.aped.cz\/na-co-se-soustredit-pri-vyberu-kocarku\/","about":["V\u00fdrobky"],"wordCount":490,"articleBody":"Velk\u00fd n\u00e1kup p\u0159ich\u00e1z\u00ed! Poskytnout d\u00edt\u011bti v\u0161e, co pot\u0159ebuje, chce a po \u010dem tou\u017e\u00ed je \u00fakolem ka\u017ed\u00e9 matky. V\u00fdb\u011br a n\u00e1kup ko\u010d\u00e1rku je jednou z&nbsp;v\u011bc\u00ed, kterou nesm\u00edte podcenit. Na trhu najdete obrovsk\u00e9 mno\u017estv\u00ed zna\u010dek, barev, vzor\u016f a typ\u016f. Jak si z&nbsp;toho nep\u0159ebern\u00e9ho mno\u017estv\u00ed vybrat? Skv\u011bl\u00e9 je zeptat se ve specializovan\u00e9 prodejn\u011b, ale u\u017e p\u0159edem byste m\u011bli v\u011bd\u011bt, co chcete.\t\tHlubok\u00fd, sportovn\u00ed a vaj\u00ed\u010dko\tChcete-li m\u00edt skute\u010dn\u011b praktick\u00fd produkt, kter\u00fd v\u00e1m vydr\u017e\u00ed od narozen\u00ed d\u00edt\u011bte a\u017e do jeho t\u0159\u00ed let, zvolte kombinovan\u00fd ko\u010d\u00e1rek. Trojkombinace je ide\u00e1ln\u00ed. Nejd\u0159\u00edv vyu\u017eijete hlubokou korbu, ze kter\u00e9ho pot\u00e9 snadno vytvo\u0159\u00edte sportovn\u00ed variantu. Tzv. vaj\u00ed\u010dko nav\u00edc vyu\u017eijete p\u0159i cestov\u00e1n\u00ed jako autoseda\u010dku pro nejmen\u0161\u00ed. A rozhodn\u011b jde o levn\u011bj\u0161\u00ed variantu, ne\u017e kupovat ka\u017ed\u00e9 zvl\u00e1\u0161\u0165.\t\tRozm\u011bry vozidla\tD\u016fle\u017eit\u00e9 jsou p\u0159edev\u0161\u00edm dva parametry, a to je velikost korby a prostoru pod n\u00ed. Ko\u0161\u00edk by m\u011bl b\u00fdt dost velk\u00fd na to, abyste tam pohodln\u011b dali pl\u00e1\u0161t\u011bnku, s\u00ed\u0165ku, j\u00eddlo, pit\u00ed, pleny, n\u00e1hradn\u00ed oble\u010den\u00ed apod. Skv\u011bl\u00e9 a velmi praktick\u00e9 je tak\u00e9 mo\u017enost zapnut\u00ed ko\u0161\u00edku. N\u011bkter\u00e9 se uzav\u0159\u00edt nedaj\u00ed, co\u017e m\u016f\u017ee b\u00fdt velmi nepraktick\u00e9 zejm\u00e9na b\u011bhem de\u0161tiv\u00fdch dn\u016f a v&nbsp;zim\u011b.\t&nbsp;\tHlubok\u00e1 korba by m\u011bla b\u00fdt samoz\u0159ejm\u011b prostorn\u00e1, proto\u017ee n\u011bkter\u00e9 d\u011bti mohou rychle r\u016fst (hlavn\u011b, pokud jsou rodi\u010de vysoc\u00ed). M\u011bli byste ale myslet tak\u00e9 na to, kdy rod\u00edte. Odborn\u00edci doporu\u010duj\u00ed v\u011bt\u0161\u00ed korby pro d\u011bti narozen\u00e9 na zimu (kv\u016fli mno\u017estv\u00ed oble\u010den\u00ed a fusaku) a naopak men\u0161\u00ed si m\u016f\u017eete po\u0159\u00eddit u miminka narozen\u00e9ho na jaro \u010di l\u00e9to.\t&nbsp;\tOto\u010dn\u00e1 kole\u010dka a posuvn\u00e1 rukoje\u0165\tTohle jsou mo\u017en\u00e1 drobnosti, ale pou\u017e\u00edv\u00e1n\u00ed je tak mnohem pohodln\u011bj\u0161\u00ed. A i to byste m\u011bli br\u00e1t v&nbsp;potaz. Rukoje\u0165 by se m\u011bla d\u00e1t p\u0159izp\u016fsobit va\u0161\u00ed v\u00fd\u0161ce a kole\u010dka by se m\u011bla sama ot\u00e1\u010det. V\u011b\u0159te, \u017ee je to mnohem pohodln\u011bj\u0161\u00ed a b\u011bhem cest velmi praktick\u00e9. Pr\u00e1v\u011b s&nbsp;cestov\u00e1n\u00edm souvis\u00ed dal\u0161\u00ed v\u011bc.\t&nbsp;\tDo m\u011bsta nebo na hory?\tToto je p\u0159i v\u00fdb\u011bru asi to nejd\u016fle\u017eit\u011bj\u0161\u00ed. Zamyslete se nad t\u00edm, kde \u017eijete a kde budete ko\u010d\u00e1rek pou\u017e\u00edvat. Pokud bydl\u00edte na vesnici \u010di m\u00e1te v&nbsp;pl\u00e1nu hodn\u011b cestovat do p\u0159\u00edrody, zvolte si variantu do ter\u00e9nu se \u0161ir\u0161\u00edmi kole\u010dky (po\u010d\u00edtejte ale s&nbsp;vy\u0161\u0161\u00ed hmotnost\u00ed konstrukce). Do m\u011bsta v\u00e1m naopak sta\u010d\u00ed men\u0161\u00ed a leh\u010d\u00ed konstrukce.                                                                                                                                                                                                                                                                                                                                                                                        4.7\/5 - (3 votes)        "},{"@context":"https:\/\/schema.org\/","@type":"BreadcrumbList","itemListElement":[{"@type":"ListItem","position":1,"name":"Na co se soust\u0159edit p\u0159i v\u00fdb\u011bru ko\u010d\u00e1rku?","item":"https:\/\/www.aped.cz\/na-co-se-soustredit-pri-vyberu-kocarku\/#breadcrumbitem"}]}]