[{"@context":"https:\/\/schema.org\/","@type":"Article","@id":"https:\/\/www.aped.cz\/nemejte-obavy-z-nove-pracovni-pozice\/#Article","mainEntityOfPage":"https:\/\/www.aped.cz\/nemejte-obavy-z-nove-pracovni-pozice\/","headline":"Nem\u011bjte obavy z nov\u00e9 pracovn\u00ed pozice","name":"Nem\u011bjte obavy z nov\u00e9 pracovn\u00ed pozice","description":"Jste nov\u00e1\u010dkem na pozici mana\u017eera projektu? Chcete svou pr\u00e1ci odv\u00e1d\u011bt na sto procent dob\u0159e? Nechcete se hroutit p\u0159i ka\u017ed\u00e9 nesrovnalosti? [&hellip;]","datePublished":"2024-12-04","dateModified":"2024-12-04","author":{"@type":"Person","@id":"https:\/\/www.aped.cz\/author\/#Person","name":"","url":"https:\/\/www.aped.cz\/author\/","identifier":1,"image":{"@type":"ImageObject","@id":"https:\/\/secure.gravatar.com\/avatar\/f7320ca526354d2794ceb75173050bfa147af8617816df401a16569341b5fbaf?s=96&d=mm&r=g","url":"https:\/\/secure.gravatar.com\/avatar\/f7320ca526354d2794ceb75173050bfa147af8617816df401a16569341b5fbaf?s=96&d=mm&r=g","height":96,"width":96}},"publisher":{"@type":"Organization","name":"aped.cz","logo":{"@type":"ImageObject","@id":"\/logo.png","url":"\/logo.png","width":600,"height":60}},"url":"https:\/\/www.aped.cz\/nemejte-obavy-z-nove-pracovni-pozice\/","wordCount":239,"articleBody":"Jste nov\u00e1\u010dkem na pozici mana\u017eera projektu? Chcete svou pr\u00e1ci odv\u00e1d\u011bt na sto procent dob\u0159e? Nechcete se hroutit p\u0159i ka\u017ed\u00e9 nesrovnalosti? Nem\u00e1te jasno ve strategii veden\u00ed lid\u00ed? U\u017e v\u00edte, co je pro V\u00e1s nejtvrd\u0161\u00ed o\u0159\u00ed\u0161ek p\u0159i veden\u00ed lidsk\u00fdch zdroj\u016f? Um\u00edte si sestavit pracovn\u00ed t\u00fdm? M\u00e1te propracovan\u00fd syst\u00e9m hodnocen\u00ed zam\u011bstnanc\u016f? V\u00edte, jak uskute\u010d\u0148ovat zp\u011btnou vazbu? Jsou pro V\u00e1s ciz\u00ed slova delegov\u00e1n\u00ed \u00fakol\u016f, vyjedn\u00e1v\u00e1n\u00ed, personalistika, motivace? P\u0159esta\u0148te s obavami. Jist\u011b V\u00e1s firma vy\u0161le na kurz managementu, kde se s pojmy, kter\u00e9 je\u0161t\u011b nezn\u00e1te, sezn\u00e1m\u00edte do hloubky, ale hlavn\u011b v praktick\u00fdch situac\u00edch. Po absolvov\u00e1n\u00ed budete dozajista moud\u0159ej\u0161\u00ed! Praxe V\u00e1m uk\u00e1\u017ee V\u0161echny teoretick\u00e9 znalosti, kter\u00e9 na\u010derp\u00e1te b\u011bhem \u0161kolen\u00ed, kurz\u016f nebo samostudiem, mus\u00edte pak p\u0159izp\u016fsobit realit\u011b pracovn\u00edho procesu. Teprve tehdy se uk\u00e1\u017ee, jak jednotliv\u00e9 postupy zvl\u00e1d\u00e1te, jak se um\u00edte postavit probl\u00e9m\u016fm, jak budete vych\u00e1zet se sv\u00fdm t\u00fdmem, jak budete plnit c\u00edle projektu, pro kter\u00fd jste byl na pozici mana\u017eera jmenov\u00e1n. M\u00e1te jedine\u010dnou mo\u017enost uk\u00e1zat firm\u011b, \u017ee se p\u0159i jmenov\u00e1n\u00ed nem\u00fdlila, \u017ee Vy jste pr\u00e1v\u011b ti, kte\u0159\u00ed jsou na m\u00edsto mana\u017eera p\u0159edur\u010den\u00ed.                                                                                                                                                                                                                                                                                                                                                                                        3.4\/5 - (5 votes)        "},{"@context":"https:\/\/schema.org\/","@type":"BreadcrumbList","itemListElement":[{"@type":"ListItem","position":1,"name":"Nem\u011bjte obavy z nov\u00e9 pracovn\u00ed pozice","item":"https:\/\/www.aped.cz\/nemejte-obavy-z-nove-pracovni-pozice\/#breadcrumbitem"}]}]