[{"@context":"https:\/\/schema.org\/","@type":"Article","@id":"https:\/\/www.aped.cz\/pokud-si-muzete-vybrat-termin-stehovani-v-praze-vhodna-je-i-zima\/#Article","mainEntityOfPage":"https:\/\/www.aped.cz\/pokud-si-muzete-vybrat-termin-stehovani-v-praze-vhodna-je-i-zima\/","headline":"Pokud si m\u016f\u017eete vybrat term\u00edn st\u011bhov\u00e1n\u00ed v Praze, vhodn\u00e1 je i zima","name":"Pokud si m\u016f\u017eete vybrat term\u00edn st\u011bhov\u00e1n\u00ed v Praze, vhodn\u00e1 je i zima","description":"Term\u00edny st\u011bhov\u00e1n\u00ed si n\u011bkte\u0159\u00ed lid\u00e9 nemohou volit, jsou to obvykle n\u00e1jemn\u00ed vztahy, kdy se pronaj\u00edmatel rozhoduje byt prodat, p\u0159\u00edpadn\u011b n\u00e1jemn\u00edky [&hellip;]","datePublished":"2020-12-18","dateModified":"2023-06-02","author":{"@type":"Person","@id":"https:\/\/www.aped.cz\/author\/#Person","name":"","url":"https:\/\/www.aped.cz\/author\/","identifier":1,"image":{"@type":"ImageObject","@id":"https:\/\/secure.gravatar.com\/avatar\/f7320ca526354d2794ceb75173050bfa147af8617816df401a16569341b5fbaf?s=96&d=mm&r=g","url":"https:\/\/secure.gravatar.com\/avatar\/f7320ca526354d2794ceb75173050bfa147af8617816df401a16569341b5fbaf?s=96&d=mm&r=g","height":96,"width":96}},"publisher":{"@type":"Organization","name":"aped.cz","logo":{"@type":"ImageObject","@id":"\/logo.png","url":"\/logo.png","width":600,"height":60}},"image":{"@type":"ImageObject","@id":"https:\/\/www.aped.cz\/wp-content\/uploads\/pap%C3%ADrov%C3%A1%20%20krabice.png","url":"https:\/\/www.aped.cz\/wp-content\/uploads\/pap%C3%ADrov%C3%A1%20%20krabice.png","height":0,"width":0},"url":"https:\/\/www.aped.cz\/pokud-si-muzete-vybrat-termin-stehovani-v-praze-vhodna-je-i-zima\/","about":["Business"],"wordCount":589,"articleBody":"   Term\u00edny st\u011bhov\u00e1n\u00ed si n\u011bkte\u0159\u00ed lid\u00e9 nemohou volit, jsou to obvykle n\u00e1jemn\u00ed vztahy, kdy se pronaj\u00edmatel rozhoduje byt prodat, p\u0159\u00edpadn\u011b n\u00e1jemn\u00edky vym\u011bnit \u010di prov\u00e1d\u011bt rekonstrukci. Je-li solidn\u00ed a shov\u00edvav\u00fd (takov\u00ed pronaj\u00edmatel\u00e9 jsou, i kdy\u017e je jich m\u00e1lo), dohodne se s v\u00e1mi i na term\u00ednu st\u011bhov\u00e1n\u00ed, a to dokonce s ohledem na ro\u010dn\u00ed obdob\u00ed. A pokud si m\u016f\u017eete m\u011bs\u00edc v roce vybrat sami, pak zva\u017ete, co je pro v\u00e1s v\u00fdhodn\u011bj\u0161\u00ed.Solidn\u00ed st\u011bhovac\u00ed firma v\u00e1s p\u0159est\u011bhuje kdykoli, snad jen s v\u00fdjimkou v\u00e1noc a oslav Nov\u00e9ho roku, kdy bychom m\u011bli se sv\u00fdmi bl\u00edzk\u00fdmi b\u00fdt rad\u011bji v poklidu.Ka\u017ed\u00e9 ro\u010dn\u00ed obdob\u00ed m\u00e1 sv\u00e1 specifikaJaro \u2013 dobr\u00e1 n\u00e1lada \u2013 v tomto obdob\u00ed sn\u00e1\u0161\u00edme p\u0159est\u011bhov\u00e1n\u00ed nejl\u00e9pe. Do hry sice m\u016f\u017ee promluvit jarn\u00ed \u00fanava, ale to se t\u00fdk\u00e1 hlavn\u011b konce dubna a za\u010d\u00e1tku kv\u011btna. Ide\u00e1ln\u00ed je konec kv\u011btna a za\u010d\u00e1tek \u010dervna, tehdy je ji\u017e p\u0159\u00edjemn\u00e9 teplo, kvetouc\u00ed rostliny n\u00e1s rozvesel\u00ed a chaos sn\u00e1\u0161\u00edme mnohem l\u00e9pe, ne\u017e na podzim. Po\u010d\u00edtejte v\u0161ak s v\u011bt\u0161\u00ed zv\u011bdavost\u00ed (a mo\u017en\u00e1 i dot\u011brnost\u00ed) lid\u00ed, zvl\u00e1\u0161t\u011b soused\u016f, bude i v\u011bt\u0161\u00ed provoz na silnic\u00edch, ale pokud to nejobt\u00ed\u017en\u011bj\u0161\u00ed p\u0159enech\u00e1te st\u011bhov\u00e1k\u016fm, pak si tento proces m\u016f\u017eete u\u017e\u00edt i jako z\u00e1bavnou hru.L\u00e9to \u2013 rychle doch\u00e1z\u00ed s\u00edly \u2013 velmi z\u00e1le\u017e\u00ed na po\u010das\u00ed, resp. na teplot\u011b vzduchu. Proto je st\u011bhov\u00e1n\u00ed Praha Odnesto v l\u00e9t\u011b nejobt\u00ed\u017en\u011bj\u0161\u00ed ze v\u0161ech, pokud teplota vzduchu vysko\u010d\u00ed nad 28 stup\u0148\u016f. Tento term\u00edn se doporu\u010duje fyzicky zdatn\u00fdm a mlad\u00fdm lidem, senio\u0159i by se m\u011bli st\u011bhovat kdykoli jindy, l\u00e9to je pro n\u011b p\u0159\u00edli\u0161 stresuj\u00edc\u00ed. Takov\u00fd postup je vhodn\u00fd pouze u p\u0159est\u011bhov\u00e1n\u00ed na kl\u00ed\u010d, ale i tak na v\u00e1s \u010dek\u00e1 zabydlov\u00e1n\u00ed a v horku to nic p\u0159\u00edjemn\u00e9ho nen\u00ed.Podzim \u2013 pozor na deprese &#8211; pokud se stref\u00edte do slune\u010dn\u00e9ho bab\u00edho l\u00e9ta, m\u00e1te obrovsk\u00e9 \u0161t\u011bst\u00ed, ale to se d\u00e1 jen obt\u00ed\u017en\u011b napl\u00e1novat. Podzim je vhodn\u00fd hlavn\u011b pro psychicky odoln\u00e9 osoby, ale vyhovuje i star\u0161\u00edm lidem bez z\u00e1vazk\u016f, kte\u0159\u00ed nemaj\u00ed p\u0159\u00edli\u0161 mnoho v\u011bc\u00ed. Obecn\u011b je tato doba v\u0161ak pohodov\u00e1 z hlediska t\u011blesn\u00e9 z\u00e1t\u011b\u017ee (nen\u00ed ani horko, ani zima), nebudete p\u0159\u00edli\u0161 st\u0159edem z\u00e1jmu a m\u016f\u017eete o\u010dek\u00e1vat sp\u00ed\u0161e poklidn\u00fd pr\u016fb\u011bh.Zima \u2013 \u017e\u00e1dn\u00e9 rozptylov\u00e1n\u00ed \u2013 v\u00fdhodou zimy je pln\u00e1 soust\u0159ed\u011bnost na st\u011bhovac\u00ed proces. Nebude v\u00e1s to l\u00e1kat ven do p\u0159\u00edrody a tak\u00e9 v\u00e1s (v\u011bt\u0161inou) nebudou obt\u011b\u017eovat zv\u011bdavci na chodn\u00edku. Je v\u0161ak brzy tma a m\u016f\u017eete m\u00edt pot\u00ed\u017ee s instalac\u00ed osv\u011btlen\u00ed. V zim\u011b je ov\u0161em dostatek klidu zpest\u0159it si akci dobrou ve\u010de\u0159\u00ed ve vyhl\u00e1\u0161en\u00e9 restauraci a doma se pak m\u016f\u017eete l\u00e9pe soust\u0159edit na vybalov\u00e1n\u00ed. A\u010dkoli se to zd\u00e1 jako extr\u00e9m, nosit v\u011bci v mrazu \u010di ve sn\u011bhu, pohybem se zah\u0159ejete (st\u011bhov\u00e1ci rovn\u011b\u017e) a bude v\u00e1m p\u0159ipadat zimn\u00ed term\u00edn jako nejlep\u0161\u00ed. Vyzkou\u0161ejte a sami se p\u0159esv\u011bd\u010d\u00edte.                                                                                                                                                                                                                                                                                                                                                                                          4.6\/5 - (12 votes)        "},{"@context":"https:\/\/schema.org\/","@type":"BreadcrumbList","itemListElement":[{"@type":"ListItem","position":1,"name":"Pokud si m\u016f\u017eete vybrat term\u00edn st\u011bhov\u00e1n\u00ed v Praze, vhodn\u00e1 je i zima","item":"https:\/\/www.aped.cz\/pokud-si-muzete-vybrat-termin-stehovani-v-praze-vhodna-je-i-zima\/#breadcrumbitem"}]}]